{"id":111,"date":"2021-07-05T09:03:56","date_gmt":"2021-07-05T09:03:56","guid":{"rendered":"https:\/\/treffpunkt-viersen.de\/?p=111"},"modified":"2021-07-05T09:03:56","modified_gmt":"2021-07-05T09:03:56","slug":"vinylboden-coretec-essentials-2021","status":"publish","type":"post","link":"https:\/\/treffpunkt-viersen.de\/index.php\/2021\/07\/05\/vinylboden-coretec-essentials-2021\/","title":{"rendered":"Vinylboden CoreTec Essentials 2021"},"content":{"rendered":"\n<p><strong>Vinylboden CoreTec Essentials 2021<\/strong><br>wir verkaufen unseren Kunden seit 2016 als erster CoreTec Fachh\u00e4ndler in Deutschland CoreTec Vinylb\u00f6den. Dabei achten wir neben einer umfangreichen Beratung und einer gut organisierten Lieferung zum Endkunden auch auf den Preis der Vinylboden Ware von CoreTec f\u00fcr unsere Kunden. Unsere Bewertungen in Sachen Preis Leistung bei CoreTec und anderen Bodenbel\u00e4gen sprechen f\u00fcr sich. Auch die alte Kollektion Essentials begleitete uns im Onlineshop und im Ausstellungsraum (mit gro\u00dfen Mustern zum anfassen) seit 2016 und wurde nun nach den ganzen Jahren ausgetauscht und verbessert. Wir haben diese in unseren <a href=\"https:\/\/www.fashion-wohntrend.de\/Bodenbelag-Bodenbelaege-Vinylboden-Vinylplanke-Vinylfliese-Teppichboden-Parketttboden-Masivholzdielen-PVC-CV-Linoleum-Uelzen-Bodenteich-Wittingen-Wieren-Lueder\/Elastische-Bodenbelaege-Bodenbelag-Vinylboden-Vinylplanke-Vinylfliese-Designboden-Designplanke-Designfliese-Verkleben-Klicken-sparen-uelzen-Bodenteich-Wittingen\/Bodenbelag--Uelzen--Bodenteich--Wittingen--Niedersachsen--Bodenbelaege--Designbodenbelag---Vinylbodenbelag---kaufen---onlineshop--fashionwohntrend--coretec-usfloors-designbelag-designboden-vinylbelag-vinylboden-43\/Designboden-CoreTec-Essentials-Vinylboden-Designvinyl-Klickvinyl-Usfloors-Meistverkauft-Kork-Wintergarten-inklusive--Uelzen-Wittingen--Bodenteich-Gifhorn-Celle-Wolfsburg-Lueneburg\/\">Onlineshop Fashion Wohntrend<\/a> eingepflegt (meistens UVP Preise, bitte einen eigenen Preis per Mail anfragen) und auch die gro\u00dfen Musterplatten sind ab Anfang August wieder im Fashion WohnTrend Bad Bodenteich verf\u00fcgbar. <\/p>\n\n\n\n<p>Hier einige Dekore als Bildmaterial : <\/p>\n\n\n\n<p><\/p>\n\n\n\n<figure class=\"wp-block-gallery columns-3 is-cropped wp-block-gallery-1 is-layout-flex wp-block-gallery-is-layout-flex\"><ul class=\"blocks-gallery-grid\"><li class=\"blocks-gallery-item\"><figure><img loading=\"lazy\" decoding=\"async\" width=\"872\" height=\"1024\" src=\"http:\/\/treffpunkt-viersen.de\/wp-content\/uploads\/2021\/07\/Texas-Oak-M54-50-LVREM-2454-872x1024.jpg\" alt=\"\" data-id=\"112\" data-full-url=\"http:\/\/treffpunkt-viersen.de\/wp-content\/uploads\/2021\/07\/Texas-Oak-M54-50-LVREM-2454-scaled.jpg\" data-link=\"https:\/\/treffpunkt-viersen.de\/?attachment_id=112\" class=\"wp-image-112\" srcset=\"https:\/\/treffpunkt-viersen.de\/wp-content\/uploads\/2021\/07\/Texas-Oak-M54-50-LVREM-2454-872x1024.jpg 872w, https:\/\/treffpunkt-viersen.de\/wp-content\/uploads\/2021\/07\/Texas-Oak-M54-50-LVREM-2454-256x300.jpg 256w, https:\/\/treffpunkt-viersen.de\/wp-content\/uploads\/2021\/07\/Texas-Oak-M54-50-LVREM-2454-768x901.jpg 768w, https:\/\/treffpunkt-viersen.de\/wp-content\/uploads\/2021\/07\/Texas-Oak-M54-50-LVREM-2454-1309x1536.jpg 1309w, https:\/\/treffpunkt-viersen.de\/wp-content\/uploads\/2021\/07\/Texas-Oak-M54-50-LVREM-2454-1745x2048.jpg 1745w, https:\/\/treffpunkt-viersen.de\/wp-content\/uploads\/2021\/07\/Texas-Oak-M54-50-LVREM-2454-1568x1840.jpg 1568w\" sizes=\"auto, (max-width: 872px) 100vw, 872px\" \/><\/figure><\/li><li class=\"blocks-gallery-item\"><figure><img loading=\"lazy\" decoding=\"async\" width=\"1024\" height=\"1024\" src=\"http:\/\/treffpunkt-viersen.de\/wp-content\/uploads\/2021\/07\/Texas-Oak-M71-50-LVREM-2471-1024x1024.jpg\" alt=\"\" data-id=\"113\" data-full-url=\"http:\/\/treffpunkt-viersen.de\/wp-content\/uploads\/2021\/07\/Texas-Oak-M71-50-LVREM-2471-scaled.jpg\" data-link=\"https:\/\/treffpunkt-viersen.de\/?attachment_id=113\" class=\"wp-image-113\" srcset=\"https:\/\/treffpunkt-viersen.de\/wp-content\/uploads\/2021\/07\/Texas-Oak-M71-50-LVREM-2471-1024x1024.jpg 1024w, https:\/\/treffpunkt-viersen.de\/wp-content\/uploads\/2021\/07\/Texas-Oak-M71-50-LVREM-2471-300x300.jpg 300w, https:\/\/treffpunkt-viersen.de\/wp-content\/uploads\/2021\/07\/Texas-Oak-M71-50-LVREM-2471-150x150.jpg 150w, https:\/\/treffpunkt-viersen.de\/wp-content\/uploads\/2021\/07\/Texas-Oak-M71-50-LVREM-2471-768x768.jpg 768w, https:\/\/treffpunkt-viersen.de\/wp-content\/uploads\/2021\/07\/Texas-Oak-M71-50-LVREM-2471-1536x1536.jpg 1536w, https:\/\/treffpunkt-viersen.de\/wp-content\/uploads\/2021\/07\/Texas-Oak-M71-50-LVREM-2471-2048x2048.jpg 2048w, https:\/\/treffpunkt-viersen.de\/wp-content\/uploads\/2021\/07\/Texas-Oak-M71-50-LVREM-2471-1568x1568.jpg 1568w\" sizes=\"auto, (max-width: 1024px) 100vw, 1024px\" \/><\/figure><\/li><li class=\"blocks-gallery-item\"><figure><img loading=\"lazy\" decoding=\"async\" width=\"683\" height=\"1024\" src=\"http:\/\/treffpunkt-viersen.de\/wp-content\/uploads\/2021\/07\/Texas-Oak-M86-50-LVREM-2486-683x1024.jpg\" alt=\"\" data-id=\"114\" data-full-url=\"http:\/\/treffpunkt-viersen.de\/wp-content\/uploads\/2021\/07\/Texas-Oak-M86-50-LVREM-2486-scaled.jpg\" data-link=\"https:\/\/treffpunkt-viersen.de\/?attachment_id=114\" class=\"wp-image-114\" srcset=\"https:\/\/treffpunkt-viersen.de\/wp-content\/uploads\/2021\/07\/Texas-Oak-M86-50-LVREM-2486-683x1024.jpg 683w, https:\/\/treffpunkt-viersen.de\/wp-content\/uploads\/2021\/07\/Texas-Oak-M86-50-LVREM-2486-200x300.jpg 200w, https:\/\/treffpunkt-viersen.de\/wp-content\/uploads\/2021\/07\/Texas-Oak-M86-50-LVREM-2486-768x1152.jpg 768w, https:\/\/treffpunkt-viersen.de\/wp-content\/uploads\/2021\/07\/Texas-Oak-M86-50-LVREM-2486-1024x1536.jpg 1024w, https:\/\/treffpunkt-viersen.de\/wp-content\/uploads\/2021\/07\/Texas-Oak-M86-50-LVREM-2486-1366x2048.jpg 1366w, https:\/\/treffpunkt-viersen.de\/wp-content\/uploads\/2021\/07\/Texas-Oak-M86-50-LVREM-2486-1568x2352.jpg 1568w, https:\/\/treffpunkt-viersen.de\/wp-content\/uploads\/2021\/07\/Texas-Oak-M86-50-LVREM-2486-scaled.jpg 1707w\" sizes=\"auto, (max-width: 683px) 100vw, 683px\" \/><\/figure><\/li><\/ul><figcaption class=\"blocks-gallery-caption\">(c) CoreTec \/ USFLoors<\/figcaption><\/figure>\n\n\n\n<p><\/p>\n\n\n\n<p>Bei Fragen stehen wir Ihnen zu unseren \u00d6ffnungszeiten ohne Termin, oder au\u00dferhalb der \u00d6ffnungszeiten 7 Tage die Woche mit Termin zur Verf\u00fcgung. <\/p>\n\n\n\n<p><\/p>\n\n\n\n<p>Fashion WohnTrend<br>Neust\u00e4dter Stra\u00dfe 30<br>29389 Bad Bodenteich<br><a href=\"https:\/\/www.fashion-wohntrend.de\">www.Fashion-WohnTrend.de<\/a><br><\/p>\n","protected":false},"excerpt":{"rendered":"<p>Vinylboden CoreTec Essentials 2021wir verkaufen unseren Kunden seit 2016 als erster CoreTec Fachh\u00e4ndler in Deutschland CoreTec Vinylb\u00f6den. Dabei achten wir neben einer umfangreichen Beratung und einer gut organisierten Lieferung zum Endkunden auch auf den Preis der Vinylboden Ware von CoreTec f\u00fcr unsere Kunden. Unsere Bewertungen in Sachen Preis Leistung bei CoreTec und anderen Bodenbel\u00e4gen sprechen [&hellip;]<\/p>\n","protected":false},"author":1,"featured_media":0,"comment_status":"open","ping_status":"open","sticky":false,"template":"","format":"standard","meta":{"footnotes":""},"categories":[3],"tags":[34,56,63,60,62,37,38,44,65,64,61,14,58,21,12,26],"class_list":["post-111","post","type-post","status-publish","format-standard","hentry","category-coretec-bodenbelaege","tag-bad-bodenteich","tag-celle","tag-coretec","tag-coretec-bodenbelag","tag-coretec-designbodenbelag","tag-coretec-fachhandel","tag-coretec-fachhaendler","tag-coretec-kaufen","tag-coretec-onlineshop","tag-coretec-preis","tag-coretec-vinylbodenbelag","tag-designboden","tag-gifhorn","tag-uelzen","tag-vinylboden","tag-wittingen"],"_links":{"self":[{"href":"https:\/\/treffpunkt-viersen.de\/index.php\/wp-json\/wp\/v2\/posts\/111","targetHints":{"allow":["GET"]}}],"collection":[{"href":"https:\/\/treffpunkt-viersen.de\/index.php\/wp-json\/wp\/v2\/posts"}],"about":[{"href":"https:\/\/treffpunkt-viersen.de\/index.php\/wp-json\/wp\/v2\/types\/post"}],"author":[{"embeddable":true,"href":"https:\/\/treffpunkt-viersen.de\/index.php\/wp-json\/wp\/v2\/users\/1"}],"replies":[{"embeddable":true,"href":"https:\/\/treffpunkt-viersen.de\/index.php\/wp-json\/wp\/v2\/comments?post=111"}],"version-history":[{"count":1,"href":"https:\/\/treffpunkt-viersen.de\/index.php\/wp-json\/wp\/v2\/posts\/111\/revisions"}],"predecessor-version":[{"id":115,"href":"https:\/\/treffpunkt-viersen.de\/index.php\/wp-json\/wp\/v2\/posts\/111\/revisions\/115"}],"wp:attachment":[{"href":"https:\/\/treffpunkt-viersen.de\/index.php\/wp-json\/wp\/v2\/media?parent=111"}],"wp:term":[{"taxonomy":"category","embeddable":true,"href":"https:\/\/treffpunkt-viersen.de\/index.php\/wp-json\/wp\/v2\/categories?post=111"},{"taxonomy":"post_tag","embeddable":true,"href":"https:\/\/treffpunkt-viersen.de\/index.php\/wp-json\/wp\/v2\/tags?post=111"}],"curies":[{"name":"wp","href":"https:\/\/api.w.org\/{rel}","templated":true}]}}