{"id":129,"date":"2021-07-26T13:08:54","date_gmt":"2021-07-26T13:08:54","guid":{"rendered":"https:\/\/treffpunkt-viersen.de\/?p=129"},"modified":"2021-07-26T13:08:54","modified_gmt":"2021-07-26T13:08:54","slug":"parkett-in-uelzen-kaufen","status":"publish","type":"post","link":"https:\/\/treffpunkt-viersen.de\/index.php\/2021\/07\/26\/parkett-in-uelzen-kaufen\/","title":{"rendered":"Parkett in Uelzen kaufen"},"content":{"rendered":"\n<p>Parkett in Uelzen kaufen<\/p>\n\n\n\n<p><\/p>\n\n\n\n<p>Wir verkaufen im Kreis Uelzen und Gifhorn den g\u00fcnstigsten Parkettbodenbelag in seiner Klasse. Wenn Sie das selbe Produkt am Kauftag mit einem realistischen Parkett Angebot in der Region g\u00fcnstiger erhalten, dann steigen wir zu 100% auf diesen Preis ein. Garantiert der beste Preis im Kreis Uelzen und Gifhorn beim Parkettkauf ohne wenn und aber. <\/p>\n\n\n\n<p>Wir bieten Parkett Bodenbelag von dem deutschen Parketthersteller IPC an, von T&amp;W, Haro, Weizer und vielen anderen bekannten Parketthersteller. F\u00fcr alle Kunden die einfach mehr wollen als einfach nur einen Bodenbelag und trotzdem noch einen guten Betrag an Geld sparen m\u00f6chten.<\/p>\n\n\n\n<p>Parkettbodenbelag in Uelzen kaufen und bares Geld sparen. <\/p>\n\n\n\n<p>Musterausstellung im kleinen Ausstellungsraum in Bad Bodenteich : <\/p>\n\n\n\n<p>Fashion WohnTrend<br>Neust\u00e4dter Stra\u00dfe 30 (gegen\u00fcber vom Lidl)<br>29389 Bad Bodenteich<br>Tel 05824 9858552<br>Mo &#8211; Do 10 &#8211; 18 Uhr Fr 10 &#8211; 14:30 Uhr <br>und Termine 7 Tage die Woche nach Vereinbarung<br><a href=\"http:\/\/www.Fashion-WohnTrend.de\">www.Fashion-WohnTrend.de<\/a><\/p>\n","protected":false},"excerpt":{"rendered":"<p>Parkett in Uelzen kaufen Wir verkaufen im Kreis Uelzen und Gifhorn den g\u00fcnstigsten Parkettbodenbelag in seiner Klasse. Wenn Sie das selbe Produkt am Kauftag mit einem realistischen Parkett Angebot in der Region g\u00fcnstiger erhalten, dann steigen wir zu 100% auf diesen Preis ein. Garantiert der beste Preis im Kreis Uelzen und Gifhorn beim Parkettkauf ohne [&hellip;]<\/p>\n","protected":false},"author":1,"featured_media":0,"comment_status":"open","ping_status":"open","sticky":false,"template":"","format":"standard","meta":{"footnotes":""},"categories":[1],"tags":[71,72,75,80,79,78,76,73,74],"class_list":["post-129","post","type-post","status-publish","format-standard","hentry","category-diverse-bodenbelaege","tag-parkett","tag-parkett-boden","tag-parkett-bodenbelag","tag-parkett-bodenbelag-kaufen","tag-parkett-in-gifhorn-kaufen","tag-parkett-in-uelzen-kaufen","tag-parkett-kaufen","tag-parkettboden","tag-parkettbodenbelag"],"_links":{"self":[{"href":"https:\/\/treffpunkt-viersen.de\/index.php\/wp-json\/wp\/v2\/posts\/129","targetHints":{"allow":["GET"]}}],"collection":[{"href":"https:\/\/treffpunkt-viersen.de\/index.php\/wp-json\/wp\/v2\/posts"}],"about":[{"href":"https:\/\/treffpunkt-viersen.de\/index.php\/wp-json\/wp\/v2\/types\/post"}],"author":[{"embeddable":true,"href":"https:\/\/treffpunkt-viersen.de\/index.php\/wp-json\/wp\/v2\/users\/1"}],"replies":[{"embeddable":true,"href":"https:\/\/treffpunkt-viersen.de\/index.php\/wp-json\/wp\/v2\/comments?post=129"}],"version-history":[{"count":1,"href":"https:\/\/treffpunkt-viersen.de\/index.php\/wp-json\/wp\/v2\/posts\/129\/revisions"}],"predecessor-version":[{"id":130,"href":"https:\/\/treffpunkt-viersen.de\/index.php\/wp-json\/wp\/v2\/posts\/129\/revisions\/130"}],"wp:attachment":[{"href":"https:\/\/treffpunkt-viersen.de\/index.php\/wp-json\/wp\/v2\/media?parent=129"}],"wp:term":[{"taxonomy":"category","embeddable":true,"href":"https:\/\/treffpunkt-viersen.de\/index.php\/wp-json\/wp\/v2\/categories?post=129"},{"taxonomy":"post_tag","embeddable":true,"href":"https:\/\/treffpunkt-viersen.de\/index.php\/wp-json\/wp\/v2\/tags?post=129"}],"curies":[{"name":"wp","href":"https:\/\/api.w.org\/{rel}","templated":true}]}}