{"id":190,"date":"2021-11-17T09:37:38","date_gmt":"2021-11-17T09:37:38","guid":{"rendered":"https:\/\/treffpunkt-viersen.de\/?p=190"},"modified":"2021-11-17T09:37:38","modified_gmt":"2021-11-17T09:37:38","slug":"vinylboden-eiche-kaschmir-in-uelzen-kaufen","status":"publish","type":"post","link":"https:\/\/treffpunkt-viersen.de\/index.php\/2021\/11\/17\/vinylboden-eiche-kaschmir-in-uelzen-kaufen\/","title":{"rendered":"Vinylboden Eiche Kaschmir in Uelzen kaufen"},"content":{"rendered":"\n<p>Sie suchen einen hochwertigen Vinylboden garantiert ohne sch\u00e4dliche Weichmacher und ohne recyceltes Vinyl? Dann sind Sie bei allen Bodenbel\u00e4gen der deutschen Parkett Firma IPC genau richtig. Wir in Bad Bodenteich von Fashion WohnTrend sind seit 2017 daf\u00fcr bekannt genau nach den Bed\u00fcrfnissen unserer Kunden zu handeln. Und wir sagen Ihnen JEDER Vinylboden von IPC ist in seiner Preisklasse der beste Vinylboden den Sie f\u00fcr ihr Bauprojekt kaufen k\u00f6nnen. <\/p>\n\n\n\n<p>Tolle Haptik und Optik, 100 Wohngesund mit Premium T\u00dcV Siegel und sehr lange haltbar selbst in der untersten Preisklasse da sehr viel Wert auf Qualit\u00e4t gelegt wird. <\/p>\n\n\n\n<figure class=\"wp-block-image size-large\"><img decoding=\"async\" src=\"https:\/\/www.fashion-wohntrend.de\/images\/product_images\/original_images\/336_355905_strw-Eiche-Kaschmir_0.jpg\" alt=\"\"\/><\/figure>\n\n\n\n<p><strong>Hochwertiger Vinylboden in der Optik sowie auch beim anfassen<\/strong><br>Farbe : Eiche Kaschmir<br>Ma\u00dfe : Planken 229 x 1829 mm, St\u00e4rke 3 mm \/ 0,55 mm Nutzschicht (Gewerbe\/Objekt)<br>Zusatz 2 x mit UV Basic Lack lackiert f\u00fcr lange Haltbarkeit<br>VPE = 3,351 m\u00b2&nbsp;&nbsp;<\/p>\n\n\n\n<p><strong>Spezifikationen \/ weitere Infos:<\/strong><\/p>\n\n\n\n<ul class=\"wp-block-list\"><li>Materialst\u00e4rke: 3\u00a0mm<\/li><li>zum vollfl\u00e4chigen Verkleben<\/li><li>Nutzschicht: 0,55\u00a0mm<\/li><li>+ 2 mal UV Lack Beschichtung<\/li><li>Wohnbereich Nutzungsklasse 23 \/ Gewerbe 33 und 42<\/li><li>Garantie 10 Jahre Gewerbe\u00a0\/ 15 Jahre Wohnen auf Abnutzung laut Hersteller Bedingung<\/li><li>geeignet f\u00fcr Bodenheizung<\/li><li>Stuhlrolleneignung (Typ W)<\/li><li>T\u00dcV Siegel\u00a0<\/li><li>Keine Beeinflussung des Raumklimas<\/li><\/ul>\n\n\n\n<p><a href=\"https:\/\/www.fashion-wohntrend.de\/IPC-Bodenbelag-Eiche-Kaschmir-der-Vinylboden-zum-vollflaechigen-Verkleben-im-Fashion-WohnTrend-kaufen-und-bares-Geld-im-Kreis-Uelzen-sparen-Bodenbelag-Vinylboden-Designboden-kaufen-Uelzen-Wittingen-Bodenteich.html\">diesen Bodenbelag k\u00f6nnen Sie hier in unserem Onlineshop kaufen<\/a><\/p>\n\n\n\n<p>Zubeh\u00f6r wie folgt m\u00f6glich :<br>Sockelleisten farblich passend<br>Grundierung , Spachtelmasse, Kleber und eventuelle \u00dcbergangsprofile\u00a0<br>Wir erstellen Ihnen sehr gerne ein Angebot mit ihrer Bodenabnahmemenge und allem n\u00f6tigen Zubeh\u00f6r f\u00fcr ihr Bauprojekt.<\/p>\n\n\n\n<p>Sie brauchen Beratung oder Muster zum anfassen und kommen aus dem Kreis Uelzen oder Gifhorn? Sie sind vielleicht in Niedersachsen gerade unterwegs? Wir haben alle Designboden Kollektionen von IPC als gro\u00dfe Muster in unserem Ausstellungsraum. Den k\u00f6nnen Sie jederzeit w\u00e4hrend der \u00d6ffnungszeiten oder aber auch mit Termin 7 Tage die Woche besuchen kommen. Wir freuen uns auf ihren Besuche bei uns. Bei uns ist der Kunde noch K\u00f6nig<\/p>\n\n\n\n<p><strong>Fashion WohnTrend Bodenteich<\/strong><br>Neust\u00e4dter Stra\u00dfe 30<br>29389 Bad Bodenteich<br>Tel 05824 9858552<br>Mo &#8211; Do 10 &#8211; 18 Uhr \/ Fr 10 &#8211; 14:30 Uhr <br>und 7 Tage die Woche Termin nach Vereinbarung <\/p>\n\n\n\n<p><\/p>\n\n\n\n<p>Weitere Fragen zum Produkt beantworten wir Ihnen nat\u00fcrlich sehr gerne!<\/p>\n\n\n\n<p>(c) Bilder <a href=\"https:\/\/www.ipc-v.de\/designplanken\/\" target=\"_blank\" rel=\"noreferrer noopener\">IPC<\/a> &amp; <a href=\"https:\/\/www.fashion-wohntrend.de\">Fashion WohnTrend Bodenteich<\/a><\/p>\n","protected":false},"excerpt":{"rendered":"<p>Sie suchen einen hochwertigen Vinylboden garantiert ohne sch\u00e4dliche Weichmacher und ohne recyceltes Vinyl? Dann sind Sie bei allen Bodenbel\u00e4gen der deutschen Parkett Firma IPC genau richtig. Wir in Bad Bodenteich von Fashion WohnTrend sind seit 2017 daf\u00fcr bekannt genau nach den Bed\u00fcrfnissen unserer Kunden zu handeln. Und wir sagen Ihnen JEDER Vinylboden von IPC ist [&hellip;]<\/p>\n","protected":false},"author":1,"featured_media":0,"comment_status":"open","ping_status":"open","sticky":false,"template":"","format":"standard","meta":{"footnotes":""},"categories":[2],"tags":[7,27,32,54,58,28,29,109,111,35,36,46,107,30,47,110,48,116,21,31,26],"class_list":["post-190","post","type-post","status-publish","format-standard","hentry","category-ipc-bodenbelaege","tag-bodenbelag","tag-bodenbelag-kaufen","tag-designboden-kaufen","tag-fashion-wohntrend-2","tag-gifhorn","tag-ipc-bodenbelag","tag-ipc-bodenbelaege","tag-ipc-designboden","tag-ipc-designvinyl","tag-ipc-fachhandel","tag-ipc-fachhaendler","tag-ipc-klebe-vinyl-boden","tag-ipc-klebevinyl","tag-ipc-klick-vinylboden","tag-ipc-uelzen","tag-ipc-vinylboden","tag-ipc-wittingen","tag-kaufen","tag-uelzen","tag-vinylboden-kaufen","tag-wittingen"],"_links":{"self":[{"href":"https:\/\/treffpunkt-viersen.de\/index.php\/wp-json\/wp\/v2\/posts\/190","targetHints":{"allow":["GET"]}}],"collection":[{"href":"https:\/\/treffpunkt-viersen.de\/index.php\/wp-json\/wp\/v2\/posts"}],"about":[{"href":"https:\/\/treffpunkt-viersen.de\/index.php\/wp-json\/wp\/v2\/types\/post"}],"author":[{"embeddable":true,"href":"https:\/\/treffpunkt-viersen.de\/index.php\/wp-json\/wp\/v2\/users\/1"}],"replies":[{"embeddable":true,"href":"https:\/\/treffpunkt-viersen.de\/index.php\/wp-json\/wp\/v2\/comments?post=190"}],"version-history":[{"count":1,"href":"https:\/\/treffpunkt-viersen.de\/index.php\/wp-json\/wp\/v2\/posts\/190\/revisions"}],"predecessor-version":[{"id":191,"href":"https:\/\/treffpunkt-viersen.de\/index.php\/wp-json\/wp\/v2\/posts\/190\/revisions\/191"}],"wp:attachment":[{"href":"https:\/\/treffpunkt-viersen.de\/index.php\/wp-json\/wp\/v2\/media?parent=190"}],"wp:term":[{"taxonomy":"category","embeddable":true,"href":"https:\/\/treffpunkt-viersen.de\/index.php\/wp-json\/wp\/v2\/categories?post=190"},{"taxonomy":"post_tag","embeddable":true,"href":"https:\/\/treffpunkt-viersen.de\/index.php\/wp-json\/wp\/v2\/tags?post=190"}],"curies":[{"name":"wp","href":"https:\/\/api.w.org\/{rel}","templated":true}]}}