{"id":230,"date":"2022-07-05T13:22:26","date_gmt":"2022-07-05T13:22:26","guid":{"rendered":"https:\/\/treffpunkt-viersen.de\/?p=230"},"modified":"2022-07-05T13:22:26","modified_gmt":"2022-07-05T13:22:26","slug":"coretec-kollektions-preise-2022-b","status":"publish","type":"post","link":"https:\/\/treffpunkt-viersen.de\/index.php\/2022\/07\/05\/coretec-kollektions-preise-2022-b\/","title":{"rendered":"CoreTec Kollektions Preise 2022\/B"},"content":{"rendered":"\n<p>Wir haben die nun seit 1.7.2022 geltenden CoreTec Preiserh\u00f6hungen in unsere Onlineshops eingepflegt und f\u00fcr die Kunden sichtbar gemacht.<\/p>\n\n\n\n<p>Weiter gilt aber f\u00fcr jeden CoreTec Kunden bei uns das wir ein realistisches CoreTec Angebot von einem anderen H\u00e4ndler immer mit gehen oder im besten Fall sogar noch optimieren. Als erster CoreTec H\u00e4ndler in Deutschland danken wir unseren Kunden sehr gerne mit tollen Preisen, Service und guter Beratung. So k\u00f6nnen wir seit 2016 auf einen guten Kundenstamm der uns jeweils immer 3 neue Kunden bringt zur\u00fcck greifen.<\/p>\n\n\n\n<p>Neue Preise gelten f\u00fcr folgende CoreTec Kollektionen und nach unserer Erfahrung, k\u00f6nnen wir diese auf einem pers\u00f6nlichen Angebot f\u00fcr Sie locker weg schlucken.<\/p>\n\n\n\n<p>CoreTec Essentials 2021 Kollektion<br>CoreTec Naturals Kollektion<br>CoreTec Authentics Kollektion<br>CoreTec Ceratouch Kollektion<br>CoreTec ProPlus Kollektion<br>CoreTec Megastone Kollektion<br>CoreTec Herringbone Kollektion<\/p>\n\n\n\n<p>Bei Fragen kontaktieren Sie uns sehr gerne, bei uns bekommen Sie ihren CoreTec Bodenbelag zu 100% zum besten realistischen Preis in Deutschland. seit 2016 verkaufen wir CoreTec Bodenbel\u00e4ge reklamationsfrei.<br><br>Fashion WohnTrend<br>Neust\u00e4dter Stra\u00dfe 30<br>29389 Bad Bodenteich<br>Mo \u2013 Do 10 \u2013 18 Uhr \/ Fr 10 \u2013 14:30 Uhr<br>und 7 Tage die Woche Termine nach Vereinbarung<br><a href=\"http:\/\/www.fashion-wohntrend.de\/\">www.Fashion-WohnTrend.de<\/a><br><a href=\"http:\/\/www.designvinylboden.de\/\">www.DesignVinylboden.de<\/a><\/p>\n","protected":false},"excerpt":{"rendered":"<p>Wir haben die nun seit 1.7.2022 geltenden CoreTec Preiserh\u00f6hungen in unsere Onlineshops eingepflegt und f\u00fcr die Kunden sichtbar gemacht. Weiter gilt aber f\u00fcr jeden CoreTec Kunden bei uns das wir ein realistisches CoreTec Angebot von einem anderen H\u00e4ndler immer mit gehen oder im besten Fall sogar noch optimieren. Als erster CoreTec H\u00e4ndler in Deutschland danken [&hellip;]<\/p>\n","protected":false},"author":1,"featured_media":0,"comment_status":"open","ping_status":"open","sticky":false,"template":"","format":"standard","meta":{"footnotes":""},"categories":[3,1],"tags":[34,63,60,145,41,62,42,37,38,45,44,138,139,154,156,65,64,157,158,123,43,61,14,32,9,10,33,159,21,12,31,26],"class_list":["post-230","post","type-post","status-publish","format-standard","hentry","category-coretec-bodenbelaege","category-diverse-bodenbelaege","tag-bad-bodenteich","tag-coretec","tag-coretec-bodenbelag","tag-coretec-ceratouch-kollektion","tag-coretec-designboden","tag-coretec-designbodenbelag","tag-coretec-designvinyl","tag-coretec-fachhandel","tag-coretec-fachhaendler","tag-coretec-guenstig","tag-coretec-kaufen","tag-coretec-megastone","tag-coretec-megastone-kollektion","tag-coretec-megatone","tag-coretec-naturals","tag-coretec-onlineshop","tag-coretec-preis","tag-coretec-proplus","tag-coretec-rigid","tag-coretec-vinyl","tag-coretec-vinylboden","tag-coretec-vinylbodenbelag","tag-designboden","tag-designboden-kaufen","tag-designvinyl","tag-designvinyl-bodenbelag","tag-designvinyl-kaufen","tag-rigid-vinylboden","tag-uelzen","tag-vinylboden","tag-vinylboden-kaufen","tag-wittingen"],"_links":{"self":[{"href":"https:\/\/treffpunkt-viersen.de\/index.php\/wp-json\/wp\/v2\/posts\/230","targetHints":{"allow":["GET"]}}],"collection":[{"href":"https:\/\/treffpunkt-viersen.de\/index.php\/wp-json\/wp\/v2\/posts"}],"about":[{"href":"https:\/\/treffpunkt-viersen.de\/index.php\/wp-json\/wp\/v2\/types\/post"}],"author":[{"embeddable":true,"href":"https:\/\/treffpunkt-viersen.de\/index.php\/wp-json\/wp\/v2\/users\/1"}],"replies":[{"embeddable":true,"href":"https:\/\/treffpunkt-viersen.de\/index.php\/wp-json\/wp\/v2\/comments?post=230"}],"version-history":[{"count":1,"href":"https:\/\/treffpunkt-viersen.de\/index.php\/wp-json\/wp\/v2\/posts\/230\/revisions"}],"predecessor-version":[{"id":231,"href":"https:\/\/treffpunkt-viersen.de\/index.php\/wp-json\/wp\/v2\/posts\/230\/revisions\/231"}],"wp:attachment":[{"href":"https:\/\/treffpunkt-viersen.de\/index.php\/wp-json\/wp\/v2\/media?parent=230"}],"wp:term":[{"taxonomy":"category","embeddable":true,"href":"https:\/\/treffpunkt-viersen.de\/index.php\/wp-json\/wp\/v2\/categories?post=230"},{"taxonomy":"post_tag","embeddable":true,"href":"https:\/\/treffpunkt-viersen.de\/index.php\/wp-json\/wp\/v2\/tags?post=230"}],"curies":[{"name":"wp","href":"https:\/\/api.w.org\/{rel}","templated":true}]}}