{"id":505,"date":"2025-03-19T00:49:58","date_gmt":"2025-03-19T00:49:58","guid":{"rendered":"https:\/\/treffpunkt-viersen.de\/?p=505"},"modified":"2025-03-19T00:49:58","modified_gmt":"2025-03-19T00:49:58","slug":"coretec-naturals-kollektion","status":"publish","type":"post","link":"https:\/\/treffpunkt-viersen.de\/index.php\/2025\/03\/19\/coretec-naturals-kollektion\/","title":{"rendered":"CoreTec Naturals Kollektion"},"content":{"rendered":"\n<h1 class=\"wp-block-heading\">CoreTec Naturals Kollektion der Dauerrenner zum besten Preis in Deutschland kaufen<\/h1>\n\n\n\n<p>Sie haben Interesse an der Premium Rigid Vinyl Kollektion Naturals und Megatiles von CoreTec, und wollen dabei nicht zu viel bezahlen?&nbsp;<br>Dann sind wir der richtige Fachh\u00e4ndler f\u00fcr ihre CoreTec Bestellung im Netz oder auch gerne regional in unserem kleinen Ausstellungsraum in Bad Bodenteich im Kreis Uelzen.<br>CoreTec Naturals Kollektion in Hlzoptik und Steinoptik zum fairen Preis in Deutschland kaufen<\/p>\n\n\n\n<p>Wir bieten Ihnen genau das passende Angebot zu ihrer CoreTec Naturals Bestellung innerhalb von Deutschland.&nbsp;<br>Was Sie daf\u00fcr machen m\u00fcssen? Sie suchen sich ein Produkt aus der<a href=\"https:\/\/www.fashion-wohntrend.de\/Bodenbelag-Bodenbelaege-Vinylboden-Vinylplanke-Vinylfliese-Teppichboden-Parketttboden-Masivholzdielen-PVC-CV-Linoleum-Uelzen-Bodenteich-Wittingen-Wieren-Lueder\/Elastische-Bodenbelaege-Bodenbelag-Vinylboden-Vinylplanke-Vinylfliese-Designboden-Designplanke-Designfliese-Verkleben-Klicken-sparen-uelzen-Bodenteich-Wittingen\/Coretec-Usfloors-Bodenbelag--Uelzen--Bodenteich--Wittingen--Niedersachsen--Bodenbelaege--Designbodenbelag---Vinylbodenbelag---kaufen---onlineshop--fashionwohntrend--coretec-usfloors-designbelag-designboden-vinylbelag-vinylboden-43\/Bodenbelag--Uelzen--Bodenteich--Wittingen--Niedersachsen--Bodenbelaege--Designbodenbelag---Vinylbodenbelag---kaufen---onlineshop--fashionwohntrend--coretec-usfloors-designbelag-designboden-vinylbelag-vinylboden-48\/\"> CoreTec Naturals Kollektion<\/a> bei uns aus (wenn Sie noch kein CoreTec Naturals Produkt irgendwo ausgesucht haben), schreiben uns die Artikelnummer und Produktname, inklusive der ben\u00f6tigten Menge und ihrer Lieferpostleitzahl per Mail oder WhatsApp, und wir erstellen Ihnen ein kostenloses und unverbindliches Angebot \u00fcber ihren CoreTec Bodenbelag zum besten und fairsten m\u00f6glichen Preis. Nat\u00fcrlich auch sehr gerne zu anderen Coretec Bodenbel\u00e4gen die Sie f\u00fcr ihr Bauprojekt ben\u00f6tigen. Sie haben bereits ein Angebot, dann senden Sie uns dieses gerne zum wir schauen sehr gerne ob wir da noch etwas optimieren k\u00f6nnen. Bitte beachten Sie aber wir haben Endkunden keine Gro\u00dfhandelspreise. Wir k\u00f6nnen Ihnen sehr gerne den g\u00fcnstigsten fairsten CoreTec Bodenbelag Preis anbieten da wir statt in Werbung zu investieren dies sehr gerne an unsere Kunden weiter geben, aber es muss auch alles in dem Rahmen bleiben das alle davon profitieren.&nbsp;<\/p>\n\n\n\n<h4 class=\"wp-block-heading\">CoreTec Naturals Bodenbelag einige Vorteile<\/h4>\n\n\n\n<p>Die CoreTec Naturals Kollektion war einer der ersten Kollektionen mit der mittlerweile in die Kollektion verschmolzenen CoreTec Megastone Kollektion.&nbsp;<br>Diese CoreTec Kollektion kam vor einigen Jahren gleich nach der ersten Auflage der CoreTec Essentials nach Europa. Die Kunden waren von der Optik und Haptik der CoreTec Naturals und Megastone gleich begeistert und haben uns den CoreTec Bodenbelag f\u00f6rmlich aus der Hand gerissen. Die Dekore aus der CoreTec Naturals Kollektion waren in der Optik und auch nach dem Verlegen beim Gehgef\u00fchl so nah am echten Holz das es die Kunden kaum glauben konnten. Und die CoreTec Megastone die ja nun in die CoreTec Naturals integriert ist war so nah am Steindekor das man sogar wenn man dauerhaft mit der Hose \u00fcber das Steindekor rutschte diese L\u00f6cher bekam. Wenn das nicht echtes Design ist dann wei\u00df ich es nicht.&nbsp;<br><br>Wir verkaufen CoreTec Bodenbel\u00e4ge als erster Fachh\u00e4ndler (seit 2016) in Deutschland und mit mehreren 100.000 verkauften Quadratmeter CoreTec Bodenbelag habe wir auch einiges zu erz\u00e4hlen. Sei es zu den Bodenbel\u00e4gen von CoreTec oder aber auch zu CoreTec selbst. Was ist bei einem Garantiefall, wie Kundennah sind die von CoreTec und und und. Unsere CoreTec Erfahrungen sprechen da f\u00fcr sich. Wenn Sie also einen CoreTec Bodenbelag kaufen wollen und er nicht aus der CoreTec Naturals Kollektion sein soll, hier sind noch die ganzen anderen <a href=\"https:\/\/www.fashion-wohntrend.de\/Bodenbelag-Bodenbelaege-Vinylboden-Vinylplanke-Vinylfliese-Teppichboden-Parketttboden-Masivholzdielen-PVC-CV-Linoleum-Uelzen-Bodenteich-Wittingen-Wieren-Lueder\/Elastische-Bodenbelaege-Bodenbelag-Vinylboden-Vinylplanke-Vinylfliese-Designboden-Designplanke-Designfliese-Verkleben-Klicken-sparen-uelzen-Bodenteich-Wittingen\/Coretec-Usfloors-Bodenbelag--Uelzen--Bodenteich--Wittingen--Niedersachsen--Bodenbelaege--Designbodenbelag---Vinylbodenbelag---kaufen---onlineshop--fashionwohntrend--coretec-usfloors-designbelag-designboden-vinylbelag-vinylboden-43\/Bodenbelag--Uelzen--Bodenteich--Wittingen--Niedersachsen--Bodenbelaege--Designbodenbelag---Vinylbodenbelag---kaufen---onlineshop--fashionwohntrend--coretec-usfloors-designbelag-designboden-vinylbelag-vinylboden-48\/\">CoreTec Kollektionen<\/a> zum durchst\u00f6bern.&nbsp;Wir sind uns sicher das wir auf einen gemeinsamen Nenner kommen. Unsere Bewertungen und Empfehlungen sprechen da f\u00fcr sich.&nbsp;<br><br>Nat\u00fcrlich auch bei jedem anderen Bodenbelag den Sie suchen (auch wenn nicht hier im Onlineshop vorhanden) denn wir arbeiten mit vielen Herstellern zusammen und k\u00f6nnen auf ein Bodenbelag Portfolio von \u00fcber 15.000 Bodenbel\u00e4gen von mehr als 100 Herstellern zur\u00fcckgreifen. Schreiben Sie uns also sehr gerne an, rufen Sie uns an oder schauen Sie in 29389 Bad Bodenteich in unseren Ausstellungsraum vorbei. Wir beraten Sie sehr gerne und das ohne den Druck das wir Ihnen was verkaufen m\u00fcssen. Wir wollen einfach nur f\u00fcr Sie den besten Preis und das beste Produkt zu ihrem Bauprojekt finden<br><br>ihr Fashion-WohnTrend Team<br>Tanja und Horst Engels<br><br><strong>Fashion-WohnTrend<\/strong><br>Neust\u00e4dter Stra\u00dfe 30<br>29389 Bad Bodenteich<br>Tel 05824 9858552<br>www.Fashion-WohnTrend.de<br><br>Ab sofort auch Angebote \u00fcber WhatsApp m\u00f6glich (kein Anruf) einfach an&nbsp;<strong>+49 1516 5175270<\/strong>&nbsp;eine Mail mit&nbsp;<strong>Produktname oder Artikelnummer, m\u00b2 Menge und Lieferpostleitzahl<\/strong>&nbsp;senden und wir schreiben Ihnen ein kostenloses und unverbindliches Angebot f\u00fcr ihr Bauvorhaben. Auch f\u00fcr viele hier nicht gelistet Produkte rund um das sch\u00f6ne Wohnen.<strong>Bis zu 30% Rabatt je nach Menge und Produkt m\u00f6glich!<\/strong><br><\/p>\n\n\n\n<h3 class=\"wp-block-heading\"><strong>CoreTec Naturals Kollektion in Holzoptik und Steinoptik in Deutschland kaufen<\/strong><\/h3>\n","protected":false},"excerpt":{"rendered":"<p>CoreTec Naturals Kollektion der Dauerrenner zum besten Preis in Deutschland kaufen Sie haben Interesse an der Premium Rigid Vinyl Kollektion Naturals und Megatiles von CoreTec, und wollen dabei nicht zu viel bezahlen?&nbsp;Dann sind wir der richtige Fachh\u00e4ndler f\u00fcr ihre CoreTec Bestellung im Netz oder auch gerne regional in unserem kleinen Ausstellungsraum in Bad Bodenteich im [&hellip;]<\/p>\n","protected":false},"author":1,"featured_media":0,"comment_status":"open","ping_status":"open","sticky":false,"template":"","format":"standard","meta":{"footnotes":""},"categories":[3],"tags":[34,63,259,14,32,9,10,33,153,260,214,21,130,12,31,26],"class_list":["post-505","post","type-post","status-publish","format-standard","hentry","category-coretec-bodenbelaege","tag-bad-bodenteich","tag-coretec","tag-coretec-floors","tag-designboden","tag-designboden-kaufen","tag-designvinyl","tag-designvinyl-bodenbelag","tag-designvinyl-kaufen","tag-megastone","tag-megatiles","tag-naturals","tag-uelzen","tag-usfloors","tag-vinylboden","tag-vinylboden-kaufen","tag-wittingen"],"_links":{"self":[{"href":"https:\/\/treffpunkt-viersen.de\/index.php\/wp-json\/wp\/v2\/posts\/505","targetHints":{"allow":["GET"]}}],"collection":[{"href":"https:\/\/treffpunkt-viersen.de\/index.php\/wp-json\/wp\/v2\/posts"}],"about":[{"href":"https:\/\/treffpunkt-viersen.de\/index.php\/wp-json\/wp\/v2\/types\/post"}],"author":[{"embeddable":true,"href":"https:\/\/treffpunkt-viersen.de\/index.php\/wp-json\/wp\/v2\/users\/1"}],"replies":[{"embeddable":true,"href":"https:\/\/treffpunkt-viersen.de\/index.php\/wp-json\/wp\/v2\/comments?post=505"}],"version-history":[{"count":1,"href":"https:\/\/treffpunkt-viersen.de\/index.php\/wp-json\/wp\/v2\/posts\/505\/revisions"}],"predecessor-version":[{"id":506,"href":"https:\/\/treffpunkt-viersen.de\/index.php\/wp-json\/wp\/v2\/posts\/505\/revisions\/506"}],"wp:attachment":[{"href":"https:\/\/treffpunkt-viersen.de\/index.php\/wp-json\/wp\/v2\/media?parent=505"}],"wp:term":[{"taxonomy":"category","embeddable":true,"href":"https:\/\/treffpunkt-viersen.de\/index.php\/wp-json\/wp\/v2\/categories?post=505"},{"taxonomy":"post_tag","embeddable":true,"href":"https:\/\/treffpunkt-viersen.de\/index.php\/wp-json\/wp\/v2\/tags?post=505"}],"curies":[{"name":"wp","href":"https:\/\/api.w.org\/{rel}","templated":true}]}}