{"id":582,"date":"2025-07-04T11:03:46","date_gmt":"2025-07-04T11:03:46","guid":{"rendered":"https:\/\/treffpunkt-viersen.de\/?p=582"},"modified":"2025-07-04T11:03:46","modified_gmt":"2025-07-04T11:03:46","slug":"coretec-naturals-authentics-kollektion","status":"publish","type":"post","link":"https:\/\/treffpunkt-viersen.de\/index.php\/2025\/07\/04\/coretec-naturals-authentics-kollektion\/","title":{"rendered":"COREtec Naturals &amp; Authentics Kollektion"},"content":{"rendered":"\n<h2 class=\"wp-block-heading\"><strong>COREtec Naturals &amp; Authentics Kollektion \u2013 Hochwertige Designb\u00f6den mit Charakter<\/strong><\/h2>\n\n\n\n<p>Wenn Sie auf der Suche nach einem langlebigen, stilvollen und pflegeleichten Bodenbelag sind, dann sind die <strong>COREtec Naturals<\/strong> und <strong>Authentics Kollektionen<\/strong> genau das Richtige. Diese Premium-Vinylb\u00f6den vereinen h\u00f6chste Funktionalit\u00e4t mit au\u00dfergew\u00f6hnlichem Design und sind eine smarte Wahl f\u00fcr moderne Wohn- und Gesch\u00e4ftsr\u00e4ume.<\/p>\n\n\n\n<hr class=\"wp-block-separator has-alpha-channel-opacity\"\/>\n\n\n\n<h3 class=\"wp-block-heading\">\u2705 <strong>Was macht COREtec Naturals &amp; Authentics besonders?<\/strong><\/h3>\n\n\n\n<p>Die COREtec Kollektionen <strong>Naturals<\/strong> und <strong>Authentics<\/strong> \u00fcberzeugen durch:<\/p>\n\n\n\n<ul class=\"wp-block-list\">\n<li>\ud83c\udf3f <strong>Nat\u00fcrliche Haptik &amp; Optik<\/strong> \u2013 realistische Holz- und Steinoptiken mit authentischer Maserung und Struktur<\/li>\n\n\n\n<li>\ud83d\udd07 <strong>Integrierte Trittschalld\u00e4mmung<\/strong> \u2013 leise und angenehm in jedem Raum<\/li>\n\n\n\n<li>\ud83d\udca7 <strong>100 % wasserfest<\/strong> \u2013 ideal f\u00fcr K\u00fcche, Bad oder gewerbliche Fl\u00e4chen<\/li>\n\n\n\n<li>\ud83d\udd12 <strong>Patentiertes Klicksystem<\/strong> \u2013 schnelle, einfache Verlegung ohne Kleber<\/li>\n\n\n\n<li>\u267b\ufe0f <strong>Nachhaltig produziert<\/strong> \u2013 PVC-frei &amp; umweltbewusst<\/li>\n<\/ul>\n\n\n\n<p>Ob Eiche, Walnuss oder Schiefer \u2013 die Designs aus der <strong>Naturals Kollektion<\/strong> bringen eine warme, organische Atmosph\u00e4re in Ihr Zuhause. Die <strong>Authentics Linie<\/strong> legt besonderen Fokus auf naturgetreue Strukturen und wirkt wie echtes Holz, ohne dessen Nachteile.<\/p>\n\n\n\n<hr class=\"wp-block-separator has-alpha-channel-opacity\"\/>\n\n\n\n<h3 class=\"wp-block-heading\">\ud83c\udd9a <strong>Vorteile gegen\u00fcber herk\u00f6mmlichen Vinylb\u00f6den<\/strong><\/h3>\n\n\n\n<figure class=\"wp-block-table\"><table class=\"has-fixed-layout\"><thead><tr><th>Merkmal<\/th><th>COREtec Naturals \/ Authentics<\/th><th>Standard Vinylboden<\/th><\/tr><\/thead><tbody><tr><td>Echtholz-Optik &amp; Struktur<\/td><td>\u2705 Sehr realistisch<\/td><td>\u274c Oft k\u00fcnstlich<\/td><\/tr><tr><td>Integrierte D\u00e4mmung<\/td><td>\u2705 Ja<\/td><td>\u274c Meist separate D\u00e4mmung<\/td><\/tr><tr><td>Wasserfestigkeit<\/td><td>\u2705 100 %<\/td><td>\ud83d\udd36 Teilweise nur feuchtigkeitsresistent<\/td><\/tr><tr><td>Verlegung<\/td><td>\u2705 Einfaches Klicksystem<\/td><td>\ud83d\udd36 Kleben oft erforderlich<\/td><\/tr><tr><td>Nachhaltigkeit<\/td><td>\u2705 PVC-frei<\/td><td>\u274c Oft mit Weichmachern<\/td><\/tr><tr><td>Geeignet f\u00fcr gewerbliche Nutzung<\/td><td>\u2705 Ja<\/td><td>\ud83d\udd36 Eingeschr\u00e4nkt<\/td><\/tr><\/tbody><\/table><\/figure>\n\n\n\n<hr class=\"wp-block-separator has-alpha-channel-opacity\"\/>\n\n\n\n<h3 class=\"wp-block-heading\">\ud83e\udd16 <strong>Fragen und Antworten (FAQ)<\/strong><\/h3>\n\n\n\n<p><strong>\u2753 Ist der COREtec Boden wirklich wasserfest?<\/strong><br>\u2705 Ja, alle B\u00f6den der Naturals &amp; Authentics Kollektion sind zu 100 % wasserfest \u2013 perfekt f\u00fcr K\u00fcche, Bad und sogar Winterg\u00e4rten.<\/p>\n\n\n\n<p><strong>\u2753 Kann ich den COREtec Boden selbst verlegen?<\/strong><br>\u2705 Ja! Dank dem praktischen Klicksystem ist die Verlegung auch f\u00fcr Heimwerker einfach zu bew\u00e4ltigen.<\/p>\n\n\n\n<p><strong>\u2753 Gibt es den COREtec Boden auch mit integrierter Trittschalld\u00e4mmung?<\/strong><br>\u2705 Absolut \u2013 die D\u00e4mmung ist bereits integriert. Das spart Zeit und Geld.<\/p>\n\n\n\n<p><strong>\u2753 Wie unterscheidet sich COREtec von billigem Vinyl?<\/strong><br>\u2705 COREtec setzt auf Qualit\u00e4t, Langlebigkeit und echtes Design. Keine Wellenbildung, kein Ausbleichen \u2013 daf\u00fcr gepr\u00fcfte Sicherheit und Design auf Top-Niveau.<\/p>\n\n\n\n<p><strong>\u2753 Wo bekomme ich den besten Preis f\u00fcr COREtec?<\/strong><br>\ud83d\udc49 <strong>Exklusiv bei <a class=\"\" href=\"https:\/\/www.fashion-wohntrend.de\">Fashion-Wohntrend.de<\/a><\/strong> \u2013 mit <strong>Bestpreisgarantie<\/strong> in Deutschland, <strong>kostenloser &amp; unverbindlicher Angebotsanfrage<\/strong> und <strong>24\/7 Support<\/strong> f\u00fcr Ihre Fragen. Angebote von Mitbewerbern werden in 90% der F\u00e4lle unterboten.<\/p>\n\n\n\n<hr class=\"wp-block-separator has-alpha-channel-opacity\"\/>\n\n\n\n<h2 class=\"wp-block-heading\">\ud83d\uded2 <strong>Jetzt COREtec zum Bestpreis entdecken \u2013 nur bei Fashion-Wohntrend.de<\/strong><\/h2>\n\n\n\n<p>Wenn Sie Wert auf Qualit\u00e4t, \u00c4sthetik und Langlebigkeit legen, ist COREtec die ideale Wahl.<br>Und das Beste: Bei <strong><a href=\"http:\/\/www.Fashion-Wohntrend.de\">Fashion-Wohntrend.de<\/a><\/strong> erhalten Sie <strong>immer den besten Preis in Deutschland<\/strong>, inklusive:<\/p>\n\n\n\n<ul class=\"wp-block-list\">\n<li>\ud83d\udcac <strong>24\/7 pers\u00f6nlicher Beratung<\/strong><\/li>\n\n\n\n<li>\ud83e\uddfe <strong>Kostenloser &amp; unverbindlicher Angebotsanfrage<\/strong><\/li>\n\n\n\n<li>\ud83d\ude9b <strong>Schneller &amp; sicherer Versand<\/strong><\/li>\n\n\n\n<li>\ud83d\udcde <strong>Kompetenter Kundenservice \u2013 auch am Wochenende!<\/strong><\/li>\n<\/ul>\n\n\n\n<hr class=\"wp-block-separator has-alpha-channel-opacity\"\/>\n\n\n\n<h3 class=\"wp-block-heading\">\ud83c\udfe1 COREtec \u2013 Der smarte Bodenbelag f\u00fcr ein sch\u00f6nes Zuhause<\/h3>\n\n\n\n<p>Entdecken Sie die Welt von COREtec bei <strong>Fashion-Wohntrend.de<\/strong> \u2013 Ihrem <strong>Nummer 1 Online-Shop f\u00fcr Premium-Vinylb\u00f6den<\/strong>.<\/p>\n\n\n\n<p><\/p>\n","protected":false},"excerpt":{"rendered":"<p>COREtec Naturals &amp; Authentics Kollektion \u2013 Hochwertige Designb\u00f6den mit Charakter Wenn Sie auf der Suche nach einem langlebigen, stilvollen und pflegeleichten Bodenbelag sind, dann sind die COREtec Naturals und Authentics Kollektionen genau das Richtige. Diese Premium-Vinylb\u00f6den vereinen h\u00f6chste Funktionalit\u00e4t mit au\u00dfergew\u00f6hnlichem Design und sind eine smarte Wahl f\u00fcr moderne Wohn- und Gesch\u00e4ftsr\u00e4ume. \u2705 Was macht [&hellip;]<\/p>\n","protected":false},"author":1,"featured_media":0,"comment_status":"open","ping_status":"open","sticky":false,"template":"","format":"standard","meta":{"footnotes":""},"categories":[1],"tags":[],"class_list":["post-582","post","type-post","status-publish","format-standard","hentry","category-diverse-bodenbelaege"],"_links":{"self":[{"href":"https:\/\/treffpunkt-viersen.de\/index.php\/wp-json\/wp\/v2\/posts\/582","targetHints":{"allow":["GET"]}}],"collection":[{"href":"https:\/\/treffpunkt-viersen.de\/index.php\/wp-json\/wp\/v2\/posts"}],"about":[{"href":"https:\/\/treffpunkt-viersen.de\/index.php\/wp-json\/wp\/v2\/types\/post"}],"author":[{"embeddable":true,"href":"https:\/\/treffpunkt-viersen.de\/index.php\/wp-json\/wp\/v2\/users\/1"}],"replies":[{"embeddable":true,"href":"https:\/\/treffpunkt-viersen.de\/index.php\/wp-json\/wp\/v2\/comments?post=582"}],"version-history":[{"count":1,"href":"https:\/\/treffpunkt-viersen.de\/index.php\/wp-json\/wp\/v2\/posts\/582\/revisions"}],"predecessor-version":[{"id":583,"href":"https:\/\/treffpunkt-viersen.de\/index.php\/wp-json\/wp\/v2\/posts\/582\/revisions\/583"}],"wp:attachment":[{"href":"https:\/\/treffpunkt-viersen.de\/index.php\/wp-json\/wp\/v2\/media?parent=582"}],"wp:term":[{"taxonomy":"category","embeddable":true,"href":"https:\/\/treffpunkt-viersen.de\/index.php\/wp-json\/wp\/v2\/categories?post=582"},{"taxonomy":"post_tag","embeddable":true,"href":"https:\/\/treffpunkt-viersen.de\/index.php\/wp-json\/wp\/v2\/tags?post=582"}],"curies":[{"name":"wp","href":"https:\/\/api.w.org\/{rel}","templated":true}]}}