{"id":80,"date":"2021-04-06T08:03:04","date_gmt":"2021-04-06T08:03:04","guid":{"rendered":"https:\/\/treffpunkt-viersen.de\/?p=80"},"modified":"2021-04-06T08:03:04","modified_gmt":"2021-04-06T08:03:04","slug":"coretec-authentics-nueltin-50-lvre-122","status":"publish","type":"post","link":"https:\/\/treffpunkt-viersen.de\/index.php\/2021\/04\/06\/coretec-authentics-nueltin-50-lvre-122\/","title":{"rendered":"CoreTec Authentics Nueltin 50-LVRE-122"},"content":{"rendered":"\n<p><strong>CoreTec Vinyl Authentics Nueltin 50-LVRE-122<\/strong><\/p>\n\n\n\n<p><\/p>\n\n\n\n<p><strong>Designboden \u00a0Authentics Nueltin Holzdesign<\/strong><br>Farbe : 50-LVRE-122<br>Ma\u00dfe : 180 x 1500 x 8 mm\u00a0<br>10 Dielen je VPE<br>2,75m\u00b2 \/ VPE<\/p>\n\n\n\n<p><\/p>\n\n\n\n<figure class=\"wp-block-image size-large\"><a href=\"https:\/\/www.fashion-wohntrend.de\/Designboden-CoreTec-Authentics-Nueltin-50-LVRE-122-Vinyl-Vinylboden-Designvinyl-Vinil-Usfloors-CoreTek-Koretek-Stein-Fliese-Steinoptik-Fliesenoptik-Keramikfliese-Klick-Klicken-Korkunterlage-Wohngesund-Uelzen-Wittingen-Bodenteich.html\"><img loading=\"lazy\" decoding=\"async\" width=\"1024\" height=\"460\" src=\"http:\/\/treffpunkt-viersen.de\/wp-content\/uploads\/2021\/04\/Nueltin-50LVRE122-1024x460.jpg\" alt=\"\" class=\"wp-image-81\" srcset=\"https:\/\/treffpunkt-viersen.de\/wp-content\/uploads\/2021\/04\/Nueltin-50LVRE122-1024x460.jpg 1024w, https:\/\/treffpunkt-viersen.de\/wp-content\/uploads\/2021\/04\/Nueltin-50LVRE122-300x135.jpg 300w, https:\/\/treffpunkt-viersen.de\/wp-content\/uploads\/2021\/04\/Nueltin-50LVRE122-768x345.jpg 768w, https:\/\/treffpunkt-viersen.de\/wp-content\/uploads\/2021\/04\/Nueltin-50LVRE122-1536x690.jpg 1536w, https:\/\/treffpunkt-viersen.de\/wp-content\/uploads\/2021\/04\/Nueltin-50LVRE122-2048x919.jpg 2048w, https:\/\/treffpunkt-viersen.de\/wp-content\/uploads\/2021\/04\/Nueltin-50LVRE122-1568x704.jpg 1568w\" sizes=\"auto, (max-width: 1024px) 100vw, 1024px\" \/><\/a><figcaption>CoreTec Vinylbodenbelag inklusive Korkunterlage<\/figcaption><\/figure>\n\n\n\n<p><strong>Spezifikationen:<\/strong><\/p>\n\n\n\n<ul class=\"wp-block-list\"><li>HD Kern aus verdichteten Kalksandsteinpartikeln &#8211; frei von PVC<\/li><li>Verschlei\u00dffeste Deckschichten mit hoher Kratzfestigkeit<\/li><li>100% wasserfest, hervorragend geeignet f\u00fcr Nassr\u00e4ume<\/li><li>sofortige Installation ohne Akklimatisierung<\/li><li>Verlegung bis zu 400m\u00b2 ohne Dehnungsfuge m\u00f6glich<\/li><li>einfache Verlegung mit CoreTec Uniklick-Verbindung<\/li><li>leiser Bodenbelag,angenehmer Gehkomfort<\/li><li>kein zus\u00e4tzlicher Trittschall notwendig (Korkunterlage)<\/li><li>hohe Schalld\u00e4mmung<\/li><li>extrem stabil und kratzbest\u00e4ndig,problemlos bei gro\u00dfen Haustieren<\/li><li>Einsatz im Gewerbebereich m\u00f6glich<\/li><li>am gleichen Tag begehbar, keine kommerziellen Ausfallzeiten<\/li><li>minimaler Reinigungs- und Pflegeaufwand<\/li><li>100% Antistatisch<\/li><\/ul>\n\n\n\n<p><strong>Technische Daten :<\/strong><\/p>\n\n\n\n<ul class=\"wp-block-list\"><li>Nutzungsklasse : 34 &#8211; 42 (EN ISO 10874)<\/li><li>Brandklasse : Bfl-S1 (EN 13501)<\/li><li>Verschleissverhalten : Class T (EN 660-2)&nbsp;<\/li><li>W\u00e4rmedurchlasswert : 0,05 (,\u00b2 K\/W) EN 12667 ISO 8302<\/li><li>Massstabilit\u00e4t : &lt;0,15mm (EN 24342)<\/li><li>Schl\u00fcsselung : &lt;0,02mm (EN 23999)<\/li><li>Dimensionsstabilit\u00e4t : &lt;0,02 (EN 23999)<\/li><li>Antistatik : &lt;0,1kV (EN 1815)<\/li><li>Formaldehyd Klassifizierung : E1 (EN 717-1)<\/li><li>Stuhlrollenbeanspruchung : Geeignet (EN 425)<\/li><li>Chemikalienbest\u00e4ndigkeit : sehr gut (EN 423) Friseursalon geeignet<\/li><li>Eindruckverhalten zertifiziert : 0,01 mm EN ISO 24343-1:2020<\/li><\/ul>\n\n\n\n<p>Es gibt Millionen Gr\u00fcnde f\u00fcr einen CoreTec Boden, aber hier sind nur die wichtigsten :&nbsp;<\/p>\n\n\n\n<ul class=\"wp-block-list\"><li>Dehnen sich nicht aus und ziehen sich nicht zusammen<\/li><li>Wirken Schalld\u00e4mmend<\/li><li>Sind besonders kratzfest und fleckenunempfindlich<\/li><li>M\u00fcssen nicht akklimatisiert werden<\/li><li>Sind geeignet f\u00fcr Fu\u00dfbodenheizung und K\u00fchlung<\/li><li>K\u00f6nnen auf jeden Untergrund verlegt werden<\/li><\/ul>\n\n\n\n<p>Diesen Bodenbelag finden Sie <a href=\"https:\/\/www.fashion-wohntrend.de\/Designboden-CoreTec-Authentics-Nueltin-50-LVRE-122-Vinyl-Vinylboden-Designvinyl-Vinil-Usfloors-CoreTek-Koretek-Stein-Fliese-Steinoptik-Fliesenoptik-Keramikfliese-Klick-Klicken-Korkunterlage-Wohngesund-Uelzen-Wittingen-Bodenteich.html\">hier in unserem Onlineshop<\/a>, oder im Ausstellungsraum in Bad Bodenteich zum anfassen. Wir waren der erste CoreTec Fachh\u00e4ndler in Deutschland und beraten Sie sehr gerne. Fashion WohnTrend , Neust\u00e4dter Stra\u00dfe 30, 29389 Bad Bodenteich, Tel 05824 9858552 Mo &#8211; Fr 10 &#8211; 18 Uhr und Termine nach Vereinbarung<\/p>\n\n\n\n<p><a href=\"https:\/\/www.fashion-wohntrend.de\/pdf\/auth_de.pdf\">PDF Kollektionskatalog Authentics hier anschauen oder downloaden<\/a><\/p>\n\n\n\n<p>Wir bestellen f\u00fcr Sie gerne beim Hersteller CoreTec vorab ein Muster, unsere Empfehlung A4 Musterplatten x 2 f\u00fcr 15\u20ac inklusive Steuer und Versand direkt vom Hersteller.<br>Bei A4 Musterplatten, k\u00f6nnen Sie dann auch etwas erkennen und mit dem Licht in ihren Raum spielen.Diese werden nat\u00fcrlich bei einer Bestellung verrechnet!<\/p>\n\n\n\n<p>Bildmaterial (c)<a href=\"https:\/\/www.usfloors.be\/?lang=de\">\u00a0CoreTec &#8211; USFloors<\/a>\u00a0und<a href=\"https:\/\/www.fashion-wohntrend.de\"> Fashion-WohnTrend<\/a><\/p>\n","protected":false},"excerpt":{"rendered":"<p>CoreTec Vinyl Authentics Nueltin 50-LVRE-122 Designboden \u00a0Authentics Nueltin HolzdesignFarbe : 50-LVRE-122Ma\u00dfe : 180 x 1500 x 8 mm\u00a010 Dielen je VPE2,75m\u00b2 \/ VPE Spezifikationen: HD Kern aus verdichteten Kalksandsteinpartikeln &#8211; frei von PVC Verschlei\u00dffeste Deckschichten mit hoher Kratzfestigkeit 100% wasserfest, hervorragend geeignet f\u00fcr Nassr\u00e4ume sofortige Installation ohne Akklimatisierung Verlegung bis zu 400m\u00b2 ohne Dehnungsfuge m\u00f6glich [&hellip;]<\/p>\n","protected":false},"author":1,"featured_media":0,"comment_status":"open","ping_status":"open","sticky":false,"template":"","format":"standard","meta":{"footnotes":""},"categories":[3],"tags":[34,7,16,17,27,8,41,42,37,38,45,44,43,14,32,15,9,10,11,33,21,12,31,13,26],"class_list":["post-80","post","type-post","status-publish","format-standard","hentry","category-coretec-bodenbelaege","tag-bad-bodenteich","tag-bodenbelag","tag-bodenbelag-fachhandel","tag-bodenbelag-fachhaendler","tag-bodenbelag-kaufen","tag-bodenbelaege","tag-coretec-designboden","tag-coretec-designvinyl","tag-coretec-fachhandel","tag-coretec-fachhaendler","tag-coretec-guenstig","tag-coretec-kaufen","tag-coretec-vinylboden","tag-designboden","tag-designboden-kaufen","tag-designbodenbelag","tag-designvinyl","tag-designvinyl-bodenbelag","tag-designvinyl-bodenbelaege","tag-designvinyl-kaufen","tag-uelzen","tag-vinylboden","tag-vinylboden-kaufen","tag-vinylbodenbelag","tag-wittingen"],"_links":{"self":[{"href":"https:\/\/treffpunkt-viersen.de\/index.php\/wp-json\/wp\/v2\/posts\/80","targetHints":{"allow":["GET"]}}],"collection":[{"href":"https:\/\/treffpunkt-viersen.de\/index.php\/wp-json\/wp\/v2\/posts"}],"about":[{"href":"https:\/\/treffpunkt-viersen.de\/index.php\/wp-json\/wp\/v2\/types\/post"}],"author":[{"embeddable":true,"href":"https:\/\/treffpunkt-viersen.de\/index.php\/wp-json\/wp\/v2\/users\/1"}],"replies":[{"embeddable":true,"href":"https:\/\/treffpunkt-viersen.de\/index.php\/wp-json\/wp\/v2\/comments?post=80"}],"version-history":[{"count":1,"href":"https:\/\/treffpunkt-viersen.de\/index.php\/wp-json\/wp\/v2\/posts\/80\/revisions"}],"predecessor-version":[{"id":82,"href":"https:\/\/treffpunkt-viersen.de\/index.php\/wp-json\/wp\/v2\/posts\/80\/revisions\/82"}],"wp:attachment":[{"href":"https:\/\/treffpunkt-viersen.de\/index.php\/wp-json\/wp\/v2\/media?parent=80"}],"wp:term":[{"taxonomy":"category","embeddable":true,"href":"https:\/\/treffpunkt-viersen.de\/index.php\/wp-json\/wp\/v2\/categories?post=80"},{"taxonomy":"post_tag","embeddable":true,"href":"https:\/\/treffpunkt-viersen.de\/index.php\/wp-json\/wp\/v2\/tags?post=80"}],"curies":[{"name":"wp","href":"https:\/\/api.w.org\/{rel}","templated":true}]}}